{"id":6385,"date":"2021-11-05T13:23:05","date_gmt":"2021-11-05T12:23:05","guid":{"rendered":"https:\/\/bpa.es\/la-biblioteca-publica-arus-renova-per-segon-cop-el-seu-distintiu-de-garantia-de-qualitat-ambiental\/"},"modified":"2025-03-06T17:53:39","modified_gmt":"2025-03-06T16:53:39","slug":"la-biblioteca-publica-arus-renova-per-segon-cop-el-seu-distintiu-de-garantia-de-qualitat-ambiental","status":"publish","type":"post","link":"https:\/\/bpa.es\/es\/la-biblioteca-publica-arus-renova-per-segon-cop-el-seu-distintiu-de-garantia-de-qualitat-ambiental\/","title":{"rendered":"La Biblioteca P\u00fablica Ar\u00fas renova per segon cop el seu Distintiu de garantia de qualitat ambiental"},"content":{"rendered":"<p>La Biblioteca P\u00fablica Ar\u00fas ha renovat aquest any el seu Distintiu de garantia de qualitat ambiental. Atorgat pel Departament de Territori i Sostenibilitat de la Generalitat de Catalunya, el distintiu \u00e9s un sistema catal\u00e0 d\u2019etiquetatge ecol\u00f2gic que reconeix productes i serveis que superen determinats requeriments de qualitat ambiental m\u00e9s enll\u00e0 dels establerts com a obligatoris per la normativa vigent.<\/p>\n<p>Aix\u00ed doncs, per segona vegada i amb l&#8217;ajut de l&#8217;Ajuntament de Barcelona, la Biblioteca referma el seu comprom\u00eds amb el medi ambient complint amb els objectius primordials del distintiu: la minimitzaci\u00f3 de residus o b\u00e9 la recuperaci\u00f3 i reutilitzaci\u00f3 de subproductes i l&#8217;estalvi de recursos, especialment en el cas d&#8217;energia i aigua.<\/p>\n<p>La durada de la renovaci\u00f3 del distintiu \u00e9s fins al 25\/03\/2024.<\/p>\n","protected":false},"excerpt":{"rendered":"<p>La Biblioteca P\u00fablica Ar\u00fas ha renovat aquest any el seu Distintiu de garantia de qualitat ambiental. Atorgat pel Departament de Territori i Sostenibilitat de la Generalitat de Catalunya, el distintiu \u00e9s un sistema catal\u00e0 d\u2019etiquetatge ecol\u00f2gic que reconeix productes i serveis que superen determinats requeriments de qualitat ambiental m\u00e9s enll\u00e0 dels establerts com a obligatoris [&hellip;]<\/p>\n","protected":false},"author":2,"featured_media":5595,"comment_status":"closed","ping_status":"closed","sticky":false,"template":"","format":"standard","meta":{"_acf_changed":false,"om_disable_all_campaigns":false,"_monsterinsights_skip_tracking":false,"_monsterinsights_sitenote_active":false,"_monsterinsights_sitenote_note":"","_monsterinsights_sitenote_category":0,"_uf_show_specific_survey":0,"_uf_disable_surveys":false,"footnotes":""},"categories":[40],"tags":[],"class_list":["post-6385","post","type-post","status-publish","format-standard","has-post-thumbnail","hentry","category-medi-ambient-es"],"acf":[],"aioseo_notices":[],"_links":{"self":[{"href":"https:\/\/bpa.es\/es\/wp-json\/wp\/v2\/posts\/6385","targetHints":{"allow":["GET"]}}],"collection":[{"href":"https:\/\/bpa.es\/es\/wp-json\/wp\/v2\/posts"}],"about":[{"href":"https:\/\/bpa.es\/es\/wp-json\/wp\/v2\/types\/post"}],"author":[{"embeddable":true,"href":"https:\/\/bpa.es\/es\/wp-json\/wp\/v2\/users\/2"}],"replies":[{"embeddable":true,"href":"https:\/\/bpa.es\/es\/wp-json\/wp\/v2\/comments?post=6385"}],"version-history":[{"count":1,"href":"https:\/\/bpa.es\/es\/wp-json\/wp\/v2\/posts\/6385\/revisions"}],"predecessor-version":[{"id":6387,"href":"https:\/\/bpa.es\/es\/wp-json\/wp\/v2\/posts\/6385\/revisions\/6387"}],"wp:featuredmedia":[{"embeddable":true,"href":"https:\/\/bpa.es\/es\/wp-json\/wp\/v2\/media\/5595"}],"wp:attachment":[{"href":"https:\/\/bpa.es\/es\/wp-json\/wp\/v2\/media?parent=6385"}],"wp:term":[{"taxonomy":"category","embeddable":true,"href":"https:\/\/bpa.es\/es\/wp-json\/wp\/v2\/categories?post=6385"},{"taxonomy":"post_tag","embeddable":true,"href":"https:\/\/bpa.es\/es\/wp-json\/wp\/v2\/tags?post=6385"}],"curies":[{"name":"wp","href":"https:\/\/api.w.org\/{rel}","templated":true}]}}