{"id":4361,"date":"2021-04-08T10:41:12","date_gmt":"2021-04-08T08:41:12","guid":{"rendered":"https:\/\/bpa.es\/quan-els-cromos-anaven-amb-la-xocolata-la-dolca-historia-dun-art-colleccionable\/"},"modified":"2025-03-06T18:02:53","modified_gmt":"2025-03-06T17:02:53","slug":"quan-els-cromos-anaven-amb-la-xocolata-la-dolca-historia-dun-art-colleccionable","status":"publish","type":"post","link":"https:\/\/bpa.es\/es\/quan-els-cromos-anaven-amb-la-xocolata-la-dolca-historia-dun-art-colleccionable\/","title":{"rendered":"\u00abQuan els cromos anaven amb la xocolata: la dol\u00e7a hist\u00f2ria d\u2019un art col\u00b7leccionable\u00bb"},"content":{"rendered":"<p><img fetchpriority=\"high\" decoding=\"async\" class=\"wp-image-4509 size-medium alignleft\" src=\"https:\/\/bpa.es\/wp-content\/uploads\/2021\/04\/2021.04.08-Cartell-Quan-els-cromos-anaven-amb-la-xocolata-208x300.png\" alt=\"\" width=\"208\" height=\"300\" srcset=\"https:\/\/bpa.es\/wp-content\/uploads\/2021\/04\/2021.04.08-Cartell-Quan-els-cromos-anaven-amb-la-xocolata-208x300.png 208w, https:\/\/bpa.es\/wp-content\/uploads\/2021\/04\/2021.04.08-Cartell-Quan-els-cromos-anaven-amb-la-xocolata-709x1024.png 709w, https:\/\/bpa.es\/wp-content\/uploads\/2021\/04\/2021.04.08-Cartell-Quan-els-cromos-anaven-amb-la-xocolata.png 720w\" sizes=\"(max-width: 208px) 100vw, 208px\" \/><\/p>\n<p style=\"text-align: justify;\">El dijous 8 d&#8217;abril de 2021 s&#8217;inaugura a la Biblioteca P\u00fablica Ar\u00fas l&#8217;exposici\u00f3 \u00abQuan els cromos anaven amb la xocolata: la dol\u00e7a hist\u00f2ria d\u2019un art col\u00b7leccionable\u00bb, comissariada per Jaume de Bargas.<\/p>\n<p style=\"text-align: justify;\">La Biblioteca us proposa un viatge al passat a trav\u00e9s dels cromos que incorporaven les rajoles de xocolata a principis del segle XX, una estrat\u00e8gia de m\u00e0rqueting que va demostrar tenir un gran \u00e8xit considerant les moltes marques de xocolaters que l&#8217;empraven, i que ens ha deixat un immens recull d&#8217;art col\u00b7leccionable. Podreu gaudir de la creativitat de les grans cases de xocolata: Amatller, Pi, Juncosa, J. Camps, Jaume Boix, Federico Diez,&#8230;\u00a0 La compet\u00e8ncia \u00e9s aferrissada, i els millors cromos seran decisius per decidir quina \u00e9s la millor marca de xocolata!<\/p>\n<p style=\"text-align: justify;\">Futbol, cinema, tennis, refranys populars, el Quixot, la 1\u00aa Guerra Mundial&#8230; La tem\u00e0tica \u00e9s tan variada i extensa com ho permet la imaginaci\u00f3. Sens dubte, la col\u00b7lecci\u00f3 que Jaume de Bargas ha aconseguit reunir, entre cromos i \u00e0lbums, far\u00e0 les del\u00edcies de grans i petits.<\/p>\n<p style=\"text-align: justify;\">L&#8217;exposici\u00f3 durar\u00e0 fins al divendres 4 de juny, i es podr\u00e0 visitar en l&#8217;<a href=\"https:\/\/bpa.es\/activitats\/#horaris\">horari d&#8217;obertura de la Biblioteca<\/a>.<\/p>\n<p>A continuaci\u00f3, podreu veure una explicaci\u00f3 de l&#8217;exposici\u00f3 a c\u00e0rrec del comissari, Jaume de Bargas.<\/p>\n<p>&nbsp;<\/p>\n<p><iframe title=\"YouTube video player\" src=\"https:\/\/www.youtube.com\/embed\/tFr5jECo3j8\" width=\"480\" height=\"450\" frameborder=\"0\" allowfullscreen=\"allowfullscreen\"><\/iframe><\/p>\n<p>&nbsp;<\/p>\n<p><img decoding=\"async\" class=\"alignnone size-medium wp-image-2984\" src=\"https:\/\/bpa.es\/wp-content\/uploads\/2021\/03\/Llima_B_ARUS_colrEsquerra-300x63.png\" alt=\"\" width=\"300\" height=\"63\" srcset=\"https:\/\/bpa.es\/wp-content\/uploads\/2021\/03\/Llima_B_ARUS_colrEsquerra-300x63.png 300w, https:\/\/bpa.es\/wp-content\/uploads\/2021\/03\/Llima_B_ARUS_colrEsquerra-768x162.png 768w, https:\/\/bpa.es\/wp-content\/uploads\/2021\/03\/Llima_B_ARUS_colrEsquerra.png 792w\" sizes=\"(max-width: 300px) 100vw, 300px\" \/> \u00a0<img decoding=\"async\" class=\"wp-image-4655 alignnone\" src=\"https:\/\/bpa.es\/wp-content\/uploads\/2021\/04\/Logo-Diputacio-vermell-fons-blanc.png\" alt=\"\" width=\"175\" height=\"60\" \/><\/p>\n","protected":false},"excerpt":{"rendered":"<p>El dijous 8 d&#8217;abril de 2021 s&#8217;inaugura a la Biblioteca P\u00fablica Ar\u00fas l&#8217;exposici\u00f3 \u00abQuan els cromos anaven amb la xocolata: la dol\u00e7a hist\u00f2ria d\u2019un art col\u00b7leccionable\u00bb, comissariada per Jaume de Bargas. La Biblioteca us proposa un viatge al passat a trav\u00e9s dels cromos que incorporaven les rajoles de xocolata a principis del segle XX, una [&hellip;]<\/p>\n","protected":false},"author":2,"featured_media":4259,"comment_status":"closed","ping_status":"closed","sticky":false,"template":"","format":"standard","meta":{"_acf_changed":false,"om_disable_all_campaigns":false,"_monsterinsights_skip_tracking":false,"_monsterinsights_sitenote_active":false,"_monsterinsights_sitenote_note":"","_monsterinsights_sitenote_category":0,"_uf_show_specific_survey":0,"_uf_disable_surveys":false,"footnotes":""},"categories":[42],"tags":[],"class_list":["post-4361","post","type-post","status-publish","format-standard","has-post-thumbnail","hentry","category-noticies-es"],"acf":[],"aioseo_notices":[],"_links":{"self":[{"href":"https:\/\/bpa.es\/es\/wp-json\/wp\/v2\/posts\/4361","targetHints":{"allow":["GET"]}}],"collection":[{"href":"https:\/\/bpa.es\/es\/wp-json\/wp\/v2\/posts"}],"about":[{"href":"https:\/\/bpa.es\/es\/wp-json\/wp\/v2\/types\/post"}],"author":[{"embeddable":true,"href":"https:\/\/bpa.es\/es\/wp-json\/wp\/v2\/users\/2"}],"replies":[{"embeddable":true,"href":"https:\/\/bpa.es\/es\/wp-json\/wp\/v2\/comments?post=4361"}],"version-history":[{"count":26,"href":"https:\/\/bpa.es\/es\/wp-json\/wp\/v2\/posts\/4361\/revisions"}],"predecessor-version":[{"id":4665,"href":"https:\/\/bpa.es\/es\/wp-json\/wp\/v2\/posts\/4361\/revisions\/4665"}],"wp:featuredmedia":[{"embeddable":true,"href":"https:\/\/bpa.es\/es\/wp-json\/wp\/v2\/media\/4259"}],"wp:attachment":[{"href":"https:\/\/bpa.es\/es\/wp-json\/wp\/v2\/media?parent=4361"}],"wp:term":[{"taxonomy":"category","embeddable":true,"href":"https:\/\/bpa.es\/es\/wp-json\/wp\/v2\/categories?post=4361"},{"taxonomy":"post_tag","embeddable":true,"href":"https:\/\/bpa.es\/es\/wp-json\/wp\/v2\/tags?post=4361"}],"curies":[{"name":"wp","href":"https:\/\/api.w.org\/{rel}","templated":true}]}}