{"id":4169,"date":"2021-03-05T09:46:46","date_gmt":"2021-03-05T08:46:46","guid":{"rendered":"https:\/\/bpa.es\/inauguracio-de-lexposicio-the-yellow-book-a-chiquita-room\/"},"modified":"2025-03-06T17:58:19","modified_gmt":"2025-03-06T16:58:19","slug":"inauguracio-de-lexposicio-the-yellow-book-a-chiquita-room","status":"publish","type":"post","link":"https:\/\/bpa.es\/en\/inauguracio-de-lexposicio-the-yellow-book-a-chiquita-room\/","title":{"rendered":"Inauguraci\u00f3 a Chiquita Room de l&#8217;exposici\u00f3 <i>The Yellow Book<\/i>"},"content":{"rendered":"<p><img fetchpriority=\"high\" decoding=\"async\" class=\"alignleft wp-image-3024 size-medium\" src=\"https:\/\/bpa.es\/wp-content\/uploads\/2021\/03\/Jaro_Varga-238x300.jpg\" alt=\"\" width=\"238\" height=\"300\" srcset=\"https:\/\/bpa.es\/wp-content\/uploads\/2021\/03\/Jaro_Varga-238x300.jpg 238w, https:\/\/bpa.es\/wp-content\/uploads\/2021\/03\/Jaro_Varga.jpg 626w\" sizes=\"(max-width: 238px) 100vw, 238px\" \/><\/p>\n<p>El 25 de mar\u00e7 s&#8217;inaugura l&#8217;exposici\u00f3 <em>The Yellow Book<\/em>, un projecte art\u00edstic de Jaro Varga en el qu\u00e8 la Biblioteca Ar\u00fas tindr\u00e0 un paper col\u00b7laborador.<\/p>\n<p>L&#8217;artista estar\u00e0 treballant a la Biblioteca Ar\u00fas del 15 al 25 de mar\u00e7, de cara al p\u00fablic, i l&#8217;obra que en resulti, una reinterpretaci\u00f3 d&#8217;alguns dels nostres llibres, ser\u00e0 exhibida a la biblioteca <strong>des del 30 de mar\u00e7 fins al 15 de maig<\/strong>.<\/p>\n<p>El projecte, comissariat per Erich Weiss, q\u00fcestiona la universalitat del coneixement hegem\u00f2nic a trav\u00e9s dels llibres i les biblioteques; \u00e9s una lectura cr\u00edtica comparativa dels fons de la Biblioteca P\u00fablica Ar\u00fas, la Fundaci\u00f3 Antoni T\u00e0pies i la del Museu Picasso amb refer\u00e8ncies de l&#8217;arxiu personal de Jaro Varga. Cada instituci\u00f3 exhibir\u00e0 es obres que l&#8217;artista hagi creat amb els seus llibres.<\/p>\n<p>El centre d&#8217;art i creaci\u00f3 contempor\u00e0nia <a href=\"https:\/\/chiquitaroom.com\/ca\/\">Chiquita Room<\/a> coordina aquesta iniciativa amb les tres institucions culturals, oferir\u00e0 visites guiades per entendre l&#8217;obra en el seu conjunt i tamb\u00e9 en publicar\u00e0 un llibre.<\/p>\n<p>Jaro Varga \u00e9s un artista visual i comissari eslovac establert a Praga (Rep\u00fablica Txeca). T\u00e9 un m\u00e0ster i un doctorat a l&#8217;Acad\u00e8mia de Belles arts i Disseny de Bratislava, i tamb\u00e9 ha participat en intercanvis estudiantils a \u00c0ustria, Pol\u00f2nia i als Estats Units. Fascinat per com fins fa poc el nostre coneixement de l&#8217;univers s&#8217;ha expressat a trav\u00e9s de l&#8217;escriptura, ha enfocat el projecte entorn de l&#8217;univers i la seva exploraci\u00f3, aix\u00ed com la creaci\u00f3 de la suma del nostre coneixement, incloent el continu frac\u00e0s o incapacitat de descobrir com s\u00f3n les coses realment.<\/p>\n<p>Per a m\u00e9s informaci\u00f3, i per a reservar entrades, consulteu <a href=\"https:\/\/chiquitaroom.com\/ca\/event\/the-yellow-book\/2021-03-25\/\">aquest enlla\u00e7<\/a>.<\/p>\n<p>&nbsp;<\/p>\n<p><a href=\"https:\/\/bpa.es\/wp-content\/uploads\/2021\/03\/Poster_TheYellowBook_Catalan.pdf\"><img decoding=\"async\" class=\"alignnone wp-image-3864\" src=\"https:\/\/bpa.es\/wp-content\/uploads\/2021\/03\/Feed_TheYellowBook2-300x300.jpg\" alt=\"\" width=\"450\" height=\"450\" srcset=\"https:\/\/bpa.es\/wp-content\/uploads\/2021\/03\/Feed_TheYellowBook2-300x300.jpg 300w, https:\/\/bpa.es\/wp-content\/uploads\/2021\/03\/Feed_TheYellowBook2-1024x1024.jpg 1024w, https:\/\/bpa.es\/wp-content\/uploads\/2021\/03\/Feed_TheYellowBook2-150x150.jpg 150w, https:\/\/bpa.es\/wp-content\/uploads\/2021\/03\/Feed_TheYellowBook2-768x768.jpg 768w, https:\/\/bpa.es\/wp-content\/uploads\/2021\/03\/Feed_TheYellowBook2-1536x1536.jpg 1536w, https:\/\/bpa.es\/wp-content\/uploads\/2021\/03\/Feed_TheYellowBook2-2048x2048.jpg 2048w\" sizes=\"(max-width: 450px) 100vw, 450px\" \/><\/a><\/p>\n<p>&nbsp;<\/p>\n<p><img decoding=\"async\" class=\"alignnone size-medium wp-image-2984\" src=\"https:\/\/bpa.es\/wp-content\/uploads\/2021\/03\/Llima_B_ARUS_colrEsquerra-300x63.png\" alt=\"\" width=\"300\" height=\"63\" srcset=\"https:\/\/bpa.es\/wp-content\/uploads\/2021\/03\/Llima_B_ARUS_colrEsquerra-300x63.png 300w, https:\/\/bpa.es\/wp-content\/uploads\/2021\/03\/Llima_B_ARUS_colrEsquerra-768x162.png 768w, https:\/\/bpa.es\/wp-content\/uploads\/2021\/03\/Llima_B_ARUS_colrEsquerra.png 792w\" sizes=\"(max-width: 300px) 100vw, 300px\" \/><img loading=\"lazy\" decoding=\"async\" class=\"alignnone wp-image-4655\" src=\"https:\/\/bpa.es\/wp-content\/uploads\/2021\/04\/Logo-Diputacio-vermell-fons-blanc.png\" alt=\"\" width=\"175\" height=\"60\" \/><\/p>\n","protected":false},"excerpt":{"rendered":"<p>El 25 de mar\u00e7 s&#8217;inaugura l&#8217;exposici\u00f3 The Yellow Book, un projecte art\u00edstic de Jaro Varga en el qu\u00e8 la Biblioteca Ar\u00fas tindr\u00e0 un paper col\u00b7laborador. L&#8217;artista estar\u00e0 treballant a la Biblioteca Ar\u00fas del 15 al 25 de mar\u00e7, de cara al p\u00fablic, i l&#8217;obra que en resulti, una reinterpretaci\u00f3 d&#8217;alguns dels nostres llibres, ser\u00e0 exhibida [&hellip;]<\/p>\n","protected":false},"author":2,"featured_media":3441,"comment_status":"closed","ping_status":"closed","sticky":false,"template":"","format":"standard","meta":{"_acf_changed":false,"om_disable_all_campaigns":false,"_monsterinsights_skip_tracking":false,"_monsterinsights_sitenote_active":false,"_monsterinsights_sitenote_note":"","_monsterinsights_sitenote_category":0,"_uf_show_specific_survey":0,"_uf_disable_surveys":false,"footnotes":""},"categories":[41],"tags":[],"class_list":["post-4169","post","type-post","status-publish","format-standard","has-post-thumbnail","hentry","category-noticies-en"],"acf":[],"aioseo_notices":[],"_links":{"self":[{"href":"https:\/\/bpa.es\/en\/wp-json\/wp\/v2\/posts\/4169","targetHints":{"allow":["GET"]}}],"collection":[{"href":"https:\/\/bpa.es\/en\/wp-json\/wp\/v2\/posts"}],"about":[{"href":"https:\/\/bpa.es\/en\/wp-json\/wp\/v2\/types\/post"}],"author":[{"embeddable":true,"href":"https:\/\/bpa.es\/en\/wp-json\/wp\/v2\/users\/2"}],"replies":[{"embeddable":true,"href":"https:\/\/bpa.es\/en\/wp-json\/wp\/v2\/comments?post=4169"}],"version-history":[{"count":3,"href":"https:\/\/bpa.es\/en\/wp-json\/wp\/v2\/posts\/4169\/revisions"}],"predecessor-version":[{"id":4679,"href":"https:\/\/bpa.es\/en\/wp-json\/wp\/v2\/posts\/4169\/revisions\/4679"}],"wp:featuredmedia":[{"embeddable":true,"href":"https:\/\/bpa.es\/en\/wp-json\/wp\/v2\/media\/3441"}],"wp:attachment":[{"href":"https:\/\/bpa.es\/en\/wp-json\/wp\/v2\/media?parent=4169"}],"wp:term":[{"taxonomy":"category","embeddable":true,"href":"https:\/\/bpa.es\/en\/wp-json\/wp\/v2\/categories?post=4169"},{"taxonomy":"post_tag","embeddable":true,"href":"https:\/\/bpa.es\/en\/wp-json\/wp\/v2\/tags?post=4169"}],"curies":[{"name":"wp","href":"https:\/\/api.w.org\/{rel}","templated":true}]}}